{"id":1320,"date":"2026-08-10T14:00:12","date_gmt":"2026-08-10T17:00:12","guid":{"rendered":"https:\/\/playmusic.com.ar\/?p=1320"},"modified":"2026-08-30T14:45:16","modified_gmt":"2026-08-30T17:45:16","slug":"ciclo-de-musica-en-el-museo-larreta","status":"publish","type":"post","link":"https:\/\/playmusic.com.ar\/?p=1320","title":{"rendered":"Ciclo de m\u00fasica en el Museo Larreta"},"content":{"rendered":"<p>El jard\u00edn del Museo Larreta se transforma en un espacio para disfrutar de buena m\u00fasica en un entorno natural.\u00a0<strong>El Jard\u00edn Suena<\/strong>\u00a0es un nuevo ciclo de m\u00fasica que tendr\u00e1 lugar los s\u00e1bados de septiembre a noviembre, a las 17 h en nuestro jard\u00edn andaluz.<\/p>\n<p>El ciclo comienza el\u00a0<strong>s\u00e1bado 5 de septiembre<\/strong>\u00a0con\u00a0<strong>Sami Abadi<\/strong>, quien se presenta como solista de viol\u00edn y looping. Su propuesta incorpora el Tenori-On, un instrumento electr\u00f3nico de interfaz lum\u00ednica, y t\u00e9cnicas instrumentales extendidas. Sus conciertos integran sonoridades orquestales, ambient y nuevas m\u00fasicas, en una experiencia de car\u00e1cter experimental y envolvente.<\/p>\n<p>El\u00a0<strong>s\u00e1bado 12 de septiembre<\/strong>\u00a0ser\u00e1 el turno de\u00a0<strong>Chechi de Marcos<\/strong>, cantautora argentina cuya propuesta transita el pop indie de autor, con ra\u00edces en el folk y el rock alternativo. Sus canciones reivindican el formato canci\u00f3n a trav\u00e9s de una l\u00edrica \u00edntima, transparente y confesional.<\/p>\n<p>El\u00a0<strong>s\u00e1bado 19 de septiembre<\/strong>,\u00a0<strong>Claraazul<\/strong>\u00a0llegar\u00e1 al jard\u00edn con sus canciones, construidas a partir de experiencias y emociones. Su propuesta, \u00edntima y sensible, invita a conectar con un universo musical de b\u00fasqueda personal.<\/p>\n<p>Durante septiembre, octubre y noviembre,\u00a0<strong>El Jard\u00edn Suena<\/strong>\u00a0continuar\u00e1 acercando nuevas propuestas musicales al Museo Larreta, en un ciclo pensado para disfrutar de la m\u00fasica en di\u00e1logo con la naturaleza y la arquitectura hist\u00f3rica del jard\u00edn.<\/p>\n<p><strong>M\u00e1s informaci\u00f3n:<\/strong><\/p>\n<p><strong>S\u00e1bado 5 de septiembre, 17 h.<\/strong><\/p>\n<p><strong>Sami Abadi:<\/strong><\/p>\n<ul>\n<li>Actividad incluida en la entrada al museo.<\/li>\n<li>Ingreso por orden de llegada. Sin reserva previa.<\/li>\n<\/ul>\n<p><strong>S\u00e1bado 12 de septiembre, 17 h.<\/strong><\/p>\n<p><strong>Chechi de Marcos:<\/strong><\/p>\n<ul>\n<li>Actividad incluida en la entrada al museo.<\/li>\n<li>Ingreso por orden de llegada. Sin reserva previa.<\/li>\n<\/ul>\n<p><strong>S\u00e1bado 19 de septiembre, 17 h.<\/strong><\/p>\n<p><strong>Claraazul:<\/strong><\/p>\n<ul>\n<li>Actividad incluida en la entrada al museo.<\/li>\n<li>Ingreso por orden de llegada. Sin reserva previa.<\/li>\n<\/ul>\n<p><strong>Direcci\u00f3n:\u00a0<\/strong><strong>Juramento 2291<\/strong><\/p>\n","protected":false},"excerpt":{"rendered":"<p>El jard\u00edn del Museo Larreta se transforma en un espacio para disfrutar de buena m\u00fasica en un entorno natural.\u00a0El Jard\u00edn Suena\u00a0es un nuevo ciclo de m\u00fasica que tendr\u00e1 lugar los s\u00e1bados de septiembre a noviembre, a las 17 h en nuestro jard\u00edn andaluz. El ciclo comienza el\u00a0s\u00e1bado 5 de septiembre\u00a0con\u00a0Sami Abadi, quien se presenta como&hellip;<\/p>\n","protected":false},"author":1,"featured_media":1321,"comment_status":"open","ping_status":"open","sticky":false,"template":"","format":"standard","meta":{"footnotes":""},"categories":[2],"tags":[],"_links":{"self":[{"href":"https:\/\/playmusic.com.ar\/index.php?rest_route=\/wp\/v2\/posts\/1320"}],"collection":[{"href":"https:\/\/playmusic.com.ar\/index.php?rest_route=\/wp\/v2\/posts"}],"about":[{"href":"https:\/\/playmusic.com.ar\/index.php?rest_route=\/wp\/v2\/types\/post"}],"author":[{"embeddable":true,"href":"https:\/\/playmusic.com.ar\/index.php?rest_route=\/wp\/v2\/users\/1"}],"replies":[{"embeddable":true,"href":"https:\/\/playmusic.com.ar\/index.php?rest_route=%2Fwp%2Fv2%2Fcomments&post=1320"}],"version-history":[{"count":1,"href":"https:\/\/playmusic.com.ar\/index.php?rest_route=\/wp\/v2\/posts\/1320\/revisions"}],"predecessor-version":[{"id":1322,"href":"https:\/\/playmusic.com.ar\/index.php?rest_route=\/wp\/v2\/posts\/1320\/revisions\/1322"}],"wp:featuredmedia":[{"embeddable":true,"href":"https:\/\/playmusic.com.ar\/index.php?rest_route=\/wp\/v2\/media\/1321"}],"wp:attachment":[{"href":"https:\/\/playmusic.com.ar\/index.php?rest_route=%2Fwp%2Fv2%2Fmedia&parent=1320"}],"wp:term":[{"taxonomy":"category","embeddable":true,"href":"https:\/\/playmusic.com.ar\/index.php?rest_route=%2Fwp%2Fv2%2Fcategories&post=1320"},{"taxonomy":"post_tag","embeddable":true,"href":"https:\/\/playmusic.com.ar\/index.php?rest_route=%2Fwp%2Fv2%2Ftags&post=1320"}],"curies":[{"name":"wp","href":"https:\/\/api.w.org\/{rel}","templated":true}]}}