{"id":1329,"date":"2026-08-12T15:00:19","date_gmt":"2026-08-12T18:00:19","guid":{"rendered":"https:\/\/playmusic.com.ar\/?p=1329"},"modified":"2026-08-30T15:03:47","modified_gmt":"2026-08-30T18:03:47","slug":"manifiesto-chamame-en-el-anfiteatro-del-parque-centenario","status":"publish","type":"post","link":"https:\/\/playmusic.com.ar\/?p=1329","title":{"rendered":"Manifiesto Chamam\u00e9 en el Anfiteatro del Parque Centenario"},"content":{"rendered":"<p><strong>Manifiesto Chamam\u00e9<\/strong> re\u00fane en el <strong>Anfiteatro del Parque Centenario<\/strong> a una generaci\u00f3n de compositores e int\u00e9rpretes que aporta una mirada actual sobre el g\u00e9nero litorale\u00f1o. Con obras originales, poes\u00edas in\u00e9ditas y arreglos propios, el concierto reafirma la vigencia de esta expresi\u00f3n musical.<br \/>\n<strong>Javier Acevedo, Agust\u00edn Mac\u00edas y Carolina Rojas<\/strong> encabezan este encuentro junto a <strong>Mariano Velardi, Thomas Ferreyra y Facundo Cano<\/strong>, en un espect\u00e1culo musical que pone en primer plano la creaci\u00f3n actual del chamam\u00e9 y el impulso de nuevos referentes del g\u00e9nero.<\/p>\n<div class=\"field__item\">\n<p><strong>Sobre el Chamam\u00e9<\/strong>. Fue declarado Patrimonio Cultural Inmaterial de la Humanidad por la UNESCO el 16 de diciembre de 2020, en reconocimiento a una expresi\u00f3n cultural que integra m\u00fasica, danza, poes\u00eda, tradici\u00f3n oral y formas de encuentro comunitario. Originario del litoral argentino, especialmente de Corrientes, el chamam\u00e9 representa una identidad construida a partir del legado guaran\u00ed, la transmisi\u00f3n entre generaciones y el v\u00ednculo con la comunidad.<br \/>\nEste reconocimiento internacional destaca el valor del chamam\u00e9 como patrimonio vivo, preservado por m\u00fasicos, bailarines, compositores y cultores que mantienen vigente una tradici\u00f3n que trasciende las fronteras y constituye uno de los principales s\u00edmbolos de la cultura argentina.<\/p>\n<\/div>\n<div class=\"field__item\">\n<p><strong>Javier Acevedo<\/strong> es acordeonista y compositor, referente de la nueva generaci\u00f3n del chamam\u00e9. Nacido en Guavirav\u00ed, Corrientes, inici\u00f3 su formaci\u00f3n musical desde muy peque\u00f1o y perfeccion\u00f3 su t\u00e9cnica junto al maestro Pedro Montenegro. Su trayectoria lo llev\u00f3 a compartir escenarios con destacadas figuras del g\u00e9nero y a participar en importantes festivales y ciclos dedicados a la m\u00fasica de ra\u00edz folkl\u00f3rica.<br \/>\nDesarrolla una intensa actividad art\u00edstica con proyectos propios y colaboraciones junto a reconocidos int\u00e9rpretes, llevando el chamam\u00e9 a escenarios de todo el pa\u00eds. En 2018 integr\u00f3 el espect\u00e1culo Argentum, presentado durante la Cumbre del G20 en Buenos Aires, donde su interpretaci\u00f3n recibi\u00f3 un amplio reconocimiento. Su propuesta combina el respeto por la tradici\u00f3n chamamecera con una mirada contempor\u00e1nea, consolid\u00e1ndose como uno de los j\u00f3venes m\u00fasicos m\u00e1s destacados del g\u00e9nero.<\/p>\n<p><strong>Agust\u00edn Mac\u00edas<\/strong> es un cantante, m\u00fasico, productor y compositor nacido y criado en Goya, Corrientes, Argentina. Con m\u00e1s de 20 a\u00f1os de trayectoria, ha construido un camino que cruza el chamam\u00e9 con el rock y el pop litorale\u00f1o, haciendo de la m\u00fasica su forma de vida y expresi\u00f3n.<br \/>\nForm\u00f3 parte de proyectos como Oscar Mac\u00edas y el Grupo Curup\u00ed, donde se desempe\u00f1\u00f3 como m\u00fasico y productor, y tambi\u00e9n integr\u00f3 Superlasciva y el proyecto de Mart\u00edn Elizalde como bajista y corista. M\u00e1s tarde fund\u00f3 Atardeciendo Amaneceres, una propuesta que renueva el chamam\u00e9 con una po\u00e9tica fresca y actual, y Los Sat\u00e9lites del Sur, una orquesta de m\u00fasica latinoamericana donde se destaca como cantante y compositor.<br \/>\nActualmente radicado en Buenos Aires, se encuentra trabajando en su primer disco solista bajo el seud\u00f3nimo El Yaca.<\/p>\n<p><strong>Carolina Rojas<\/strong> es cantante y compositora correntina, referente de la nueva generaci\u00f3n de int\u00e9rpretes del chamam\u00e9. Nacida en Saladas, desarrolla una propuesta art\u00edstica que une el respeto por la tradici\u00f3n litorale\u00f1a con una mirada contempor\u00e1nea, destac\u00e1ndose por la expresividad de su voz y el compromiso con la difusi\u00f3n de la m\u00fasica de su regi\u00f3n.<br \/>\nA lo largo de su carrera edit\u00f3 los discos Canto de Amor, El Camino, Tiempo de Ser y Canciones de Mi Tierra, trabajos que reflejan su recorrido por el repertorio chamamecero y la canci\u00f3n de ra\u00edz folkl\u00f3rica. Tambi\u00e9n present\u00f3 sencillos y particip\u00f3 en producciones colectivas junto a destacados m\u00fasicos del g\u00e9nero.<br \/>\nSu trayectoria incluye presentaciones en la Fiesta Nacional del Chamam\u00e9 y en numerosos festivales y escenarios de Argentina, compartiendo conciertos con reconocidos artistas de la m\u00fasica popular. Con una interpretaci\u00f3n de fuerte identidad, Carolina Rojas contin\u00faa promoviendo el chamam\u00e9 y la cultura del Litoral, consolid\u00e1ndose como una de las voces representativas de la escena actual.<\/p>\n<p><strong>Mariano Velardi<\/strong> es percusionista, docente y especialista en bombo leg\u00fcero. Desarrolla una intensa labor de formaci\u00f3n y difusi\u00f3n de los ritmos tradicionales del folklore argentino, con especial dedicaci\u00f3n al malambo y a las t\u00e9cnicas de ejecuci\u00f3n del instrumento. A trav\u00e9s de talleres, clases y propuestas did\u00e1cticas, acerca el bombo leg\u00fcero a p\u00fablicos de todas las edades, promoviendo el conocimiento de una de las expresiones m\u00e1s representativas de la m\u00fasica de ra\u00edz folkl\u00f3rica.<br \/>\nSu actividad art\u00edstica combina la interpretaci\u00f3n, la docencia y la divulgaci\u00f3n, participando en proyectos vinculados a la m\u00fasica popular argentina y a la transmisi\u00f3n de las tradiciones culturales. Desde sus espacios de ense\u00f1anza y plataformas digitales, impulsa el aprendizaje del bombo leg\u00fcero como una herramienta para fortalecer la identidad y el patrimonio musical argentino.<\/p>\n<p><strong>Thomas Ferreyra<\/strong> es guitarrista y acordeonista argentino, integrante de una nueva generaci\u00f3n de m\u00fasicos comprometidos con la difusi\u00f3n de la m\u00fasica de ra\u00edz folkl\u00f3rica. Hijo del reconocido m\u00fasico Alberto &#8220;Chaco&#8221; Ferreyra, creci\u00f3 en un entorno profundamente ligado al chamam\u00e9 y a las expresiones musicales del Litoral, donde comenz\u00f3 su formaci\u00f3n art\u00edstica desde muy joven.<br \/>\nSu trayectoria combina el respeto por la tradici\u00f3n con una mirada renovadora del repertorio litorale\u00f1o. Como int\u00e9rprete participa en diversos proyectos y escenarios dedicados al folklore argentino, aportando una s\u00f3lida formaci\u00f3n instrumental y una marcada sensibilidad musical.<br \/>\nCon un estilo propio y un fuerte v\u00ednculo con la herencia cultural de su regi\u00f3n, Thomas Ferreyra contin\u00faa desarrollando su carrera como guitarrista y acordeonista, contribuyendo a la proyecci\u00f3n del chamam\u00e9 entre las nuevas generaciones y acompa\u00f1ando propuestas que celebran la identidad y el patrimonio musical argentino.<\/p>\n<p><strong>Facundo Cano <\/strong>es contrabajista y docente argentino, egresado del Conservatorio de M\u00fasica \u201cAlberto Ginastera\u201d de Mor\u00f3n. Su formaci\u00f3n acad\u00e9mica y su experiencia profesional lo llevaron a desarrollar una trayectoria vinculada a distintos g\u00e9neros de la m\u00fasica popular, con una destacada labor como m\u00fasico sesionista.<br \/>\nIntegra la Orquesta Kaluque\u00f1a y participa en diversos proyectos musicales, aportando su conocimiento del instrumento y su versatilidad interpretativa. Como contrabajista, combina la formaci\u00f3n cl\u00e1sica con la exploraci\u00f3n de diferentes lenguajes musicales, enriqueciendo cada propuesta desde una mirada amplia y comprometida con la m\u00fasica argentina.<br \/>\nSu actividad art\u00edstica y docente refleja el compromiso con la formaci\u00f3n, la interpretaci\u00f3n y la difusi\u00f3n de la m\u00fasica, formando parte de una nueva generaci\u00f3n de m\u00fasicos que transitan distintos escenarios y propuestas dentro del panorama musical actual.<\/p>\n<\/div>\n","protected":false},"excerpt":{"rendered":"<p>Manifiesto Chamam\u00e9 re\u00fane en el Anfiteatro del Parque Centenario a una generaci\u00f3n de compositores e int\u00e9rpretes que aporta una mirada actual sobre el g\u00e9nero litorale\u00f1o. Con obras originales, poes\u00edas in\u00e9ditas y arreglos propios, el concierto reafirma la vigencia de esta expresi\u00f3n musical. Javier Acevedo, Agust\u00edn Mac\u00edas y Carolina Rojas encabezan este encuentro junto a Mariano&hellip;<\/p>\n","protected":false},"author":1,"featured_media":1330,"comment_status":"open","ping_status":"open","sticky":false,"template":"","format":"standard","meta":{"footnotes":""},"categories":[2],"tags":[],"_links":{"self":[{"href":"https:\/\/playmusic.com.ar\/index.php?rest_route=\/wp\/v2\/posts\/1329"}],"collection":[{"href":"https:\/\/playmusic.com.ar\/index.php?rest_route=\/wp\/v2\/posts"}],"about":[{"href":"https:\/\/playmusic.com.ar\/index.php?rest_route=\/wp\/v2\/types\/post"}],"author":[{"embeddable":true,"href":"https:\/\/playmusic.com.ar\/index.php?rest_route=\/wp\/v2\/users\/1"}],"replies":[{"embeddable":true,"href":"https:\/\/playmusic.com.ar\/index.php?rest_route=%2Fwp%2Fv2%2Fcomments&post=1329"}],"version-history":[{"count":1,"href":"https:\/\/playmusic.com.ar\/index.php?rest_route=\/wp\/v2\/posts\/1329\/revisions"}],"predecessor-version":[{"id":1331,"href":"https:\/\/playmusic.com.ar\/index.php?rest_route=\/wp\/v2\/posts\/1329\/revisions\/1331"}],"wp:featuredmedia":[{"embeddable":true,"href":"https:\/\/playmusic.com.ar\/index.php?rest_route=\/wp\/v2\/media\/1330"}],"wp:attachment":[{"href":"https:\/\/playmusic.com.ar\/index.php?rest_route=%2Fwp%2Fv2%2Fmedia&parent=1329"}],"wp:term":[{"taxonomy":"category","embeddable":true,"href":"https:\/\/playmusic.com.ar\/index.php?rest_route=%2Fwp%2Fv2%2Fcategories&post=1329"},{"taxonomy":"post_tag","embeddable":true,"href":"https:\/\/playmusic.com.ar\/index.php?rest_route=%2Fwp%2Fv2%2Ftags&post=1329"}],"curies":[{"name":"wp","href":"https:\/\/api.w.org\/{rel}","templated":true}]}}